{"id":783,"date":"2025-12-09T09:45:38","date_gmt":"2025-12-09T08:45:38","guid":{"rendered":"https:\/\/cyclesetrecycle.fr\/?p=783"},"modified":"2025-12-09T09:45:38","modified_gmt":"2025-12-09T08:45:38","slug":"fermeture-exceptionnelle-samedi-3-janvier-2026","status":"publish","type":"post","link":"https:\/\/cyclesetrecycle.fr\/?p=783","title":{"rendered":"Fermeture exceptionnelle Samedi 3 JANVIER 2026!"},"content":{"rendered":"\n<p>Exceptionnellement l&rsquo;atelier ne sera pas ouvert le 3 janvier 2026. <br>Nous reprendrons notre activit\u00e9 \u00e0 partir du samedi 17 janvier 2026 de 9h \u00e0 14h tous les premiers et troisi\u00e8mes samedi  du mois.<\/p>\n\n\n\n<p>Derni\u00e8re ouverture sur 2025 : samedi 20 d\u00e9cembre, \u00e0 bient\u00f4t!<\/p>\n\n\n\n<p class=\"has-text-align-center\"><em>Bonnes f\u00eates \u00e0 toutes et \u00e0 tous d&rsquo;ici l\u00e0<\/em><\/p>\n\n\n<div class=\"wp-block-image\">\n<figure class=\"aligncenter size-full is-resized\"><img loading=\"lazy\" decoding=\"async\" width=\"275\" height=\"225\" src=\"https:\/\/cyclesetrecycle.fr\/wp-content\/uploads\/2025\/12\/image.png\" alt=\"\" class=\"wp-image-784\" style=\"width:197px;height:auto\"\/><figcaption class=\"wp-element-caption\">Super! Mon v\u00e9lo de No\u00ebl!<\/figcaption><\/figure><\/div>\n\n\n<p><\/p>\n\n\n\n<p><\/p>\n","protected":false},"excerpt":{"rendered":"<p>Exceptionnellement l&rsquo;atelier ne sera pas ouvert le 3 janvier 2026. Nous reprendrons notre activit\u00e9 \u00e0 partir du samedi 17 janvier 2026 de 9h \u00e0 14h tous les premiers et troisi\u00e8mes samedi du mois. Derni\u00e8re ouverture sur 2025 : samedi 20 d\u00e9cembre, \u00e0 bient\u00f4t! Bonnes f\u00eates \u00e0 toutes et \u00e0 tous d&rsquo;ici l\u00e0<\/p>\n","protected":false},"author":54169,"featured_media":0,"comment_status":"open","ping_status":"open","sticky":false,"template":"","format":"standard","meta":{"footnotes":""},"categories":[1],"tags":[],"class_list":["post-783","post","type-post","status-publish","format-standard","hentry","category-non-classe"],"_links":{"self":[{"href":"https:\/\/cyclesetrecycle.fr\/index.php?rest_route=\/wp\/v2\/posts\/783","targetHints":{"allow":["GET"]}}],"collection":[{"href":"https:\/\/cyclesetrecycle.fr\/index.php?rest_route=\/wp\/v2\/posts"}],"about":[{"href":"https:\/\/cyclesetrecycle.fr\/index.php?rest_route=\/wp\/v2\/types\/post"}],"author":[{"embeddable":true,"href":"https:\/\/cyclesetrecycle.fr\/index.php?rest_route=\/wp\/v2\/users\/54169"}],"replies":[{"embeddable":true,"href":"https:\/\/cyclesetrecycle.fr\/index.php?rest_route=%2Fwp%2Fv2%2Fcomments&post=783"}],"version-history":[{"count":4,"href":"https:\/\/cyclesetrecycle.fr\/index.php?rest_route=\/wp\/v2\/posts\/783\/revisions"}],"predecessor-version":[{"id":788,"href":"https:\/\/cyclesetrecycle.fr\/index.php?rest_route=\/wp\/v2\/posts\/783\/revisions\/788"}],"wp:attachment":[{"href":"https:\/\/cyclesetrecycle.fr\/index.php?rest_route=%2Fwp%2Fv2%2Fmedia&parent=783"}],"wp:term":[{"taxonomy":"category","embeddable":true,"href":"https:\/\/cyclesetrecycle.fr\/index.php?rest_route=%2Fwp%2Fv2%2Fcategories&post=783"},{"taxonomy":"post_tag","embeddable":true,"href":"https:\/\/cyclesetrecycle.fr\/index.php?rest_route=%2Fwp%2Fv2%2Ftags&post=783"}],"curies":[{"name":"wp","href":"https:\/\/api.w.org\/{rel}","templated":true}]}}