{"id":768,"date":"2025-09-02T23:14:42","date_gmt":"2025-09-02T21:14:42","guid":{"rendered":"http:\/\/cyclesetrecycle.fr\/?p=768"},"modified":"2025-09-02T23:16:01","modified_gmt":"2025-09-02T21:16:01","slug":"reprise-samedi-20-septembre","status":"publish","type":"post","link":"https:\/\/cyclesetrecycle.fr\/?p=768","title":{"rendered":"Reprise Samedi 6 SEPTEMBRE!"},"content":{"rendered":"\n<p>La rentr\u00e9e est l\u00e0, nous aussi, tout pr\u00eats \u00e0 vous accueillir&#8230;C&rsquo;est parti, sur les chapeaux de roue, d\u00e8s le Samedi 6 septembre, de 9 \u00e0 14h ! <\/p>\n\n\n\n<p>Attention ! Aucune r\u00e9paration ne sera possible le Samedi 20 SEPTEMBRE, jour de notre Bourse aux V\u00e9los&#8230;Pour info : ventes de v\u00e9los, 9-12h. Achat, 14-17h<\/p>\n","protected":false},"excerpt":{"rendered":"<p>La rentr\u00e9e est l\u00e0, nous aussi, tout pr\u00eats \u00e0 vous accueillir&#8230;C&rsquo;est parti, sur les chapeaux de roue, d\u00e8s le Samedi 6 septembre, de 9 \u00e0 14h ! Attention ! Aucune r\u00e9paration ne sera possible le Samedi 20 SEPTEMBRE, jour de notre Bourse aux V\u00e9los&#8230;Pour info : ventes de v\u00e9los, 9-12h. Achat, 14-17h<\/p>\n","protected":false},"author":54169,"featured_media":0,"comment_status":"open","ping_status":"open","sticky":false,"template":"","format":"standard","meta":{"footnotes":""},"categories":[1],"tags":[],"class_list":["post-768","post","type-post","status-publish","format-standard","hentry","category-non-classe"],"_links":{"self":[{"href":"https:\/\/cyclesetrecycle.fr\/index.php?rest_route=\/wp\/v2\/posts\/768","targetHints":{"allow":["GET"]}}],"collection":[{"href":"https:\/\/cyclesetrecycle.fr\/index.php?rest_route=\/wp\/v2\/posts"}],"about":[{"href":"https:\/\/cyclesetrecycle.fr\/index.php?rest_route=\/wp\/v2\/types\/post"}],"author":[{"embeddable":true,"href":"https:\/\/cyclesetrecycle.fr\/index.php?rest_route=\/wp\/v2\/users\/54169"}],"replies":[{"embeddable":true,"href":"https:\/\/cyclesetrecycle.fr\/index.php?rest_route=%2Fwp%2Fv2%2Fcomments&post=768"}],"version-history":[{"count":2,"href":"https:\/\/cyclesetrecycle.fr\/index.php?rest_route=\/wp\/v2\/posts\/768\/revisions"}],"predecessor-version":[{"id":770,"href":"https:\/\/cyclesetrecycle.fr\/index.php?rest_route=\/wp\/v2\/posts\/768\/revisions\/770"}],"wp:attachment":[{"href":"https:\/\/cyclesetrecycle.fr\/index.php?rest_route=%2Fwp%2Fv2%2Fmedia&parent=768"}],"wp:term":[{"taxonomy":"category","embeddable":true,"href":"https:\/\/cyclesetrecycle.fr\/index.php?rest_route=%2Fwp%2Fv2%2Fcategories&post=768"},{"taxonomy":"post_tag","embeddable":true,"href":"https:\/\/cyclesetrecycle.fr\/index.php?rest_route=%2Fwp%2Fv2%2Ftags&post=768"}],"curies":[{"name":"wp","href":"https:\/\/api.w.org\/{rel}","templated":true}]}}