{"id":686,"date":"2021-05-16T22:08:42","date_gmt":"2021-05-16T20:08:42","guid":{"rendered":"http:\/\/cyclesetrecycle.fr\/?p=686"},"modified":"2021-05-20T12:59:26","modified_gmt":"2021-05-20T10:59:26","slug":"le-joli-mois-de-mai-a-velo","status":"publish","type":"post","link":"https:\/\/cyclesetrecycle.fr\/?p=686","title":{"rendered":"Le joli mois de Mai \u00e0 V\u00e9lo"},"content":{"rendered":"\n<p>C&rsquo;\u00e9tait un Mai \u00e0 v\u00e9lo \u00e0 Cycles &amp; Recycle magnifique, une vingtaine de b\u00e9n\u00e9voles, une cinquantaine de v\u00e9los en exposition, une vingtaine d&rsquo;enfants qui participaient \u00e0 la v\u00e9lo-\u00e9cole, le tout sous une m\u00e9t\u00e9o vivifiante, le sourire des enfants en prime!<\/p>\n\n\n\n<figure class=\"wp-block-image size-large\"><img loading=\"lazy\" decoding=\"async\" width=\"1024\" height=\"768\" src=\"https:\/\/cyclesetrecycle.fr\/wp-content\/uploads\/2021\/05\/DSCN9157-1024x768.jpg\" alt=\"\" class=\"wp-image-687\" srcset=\"https:\/\/cyclesetrecycle.fr\/wp-content\/uploads\/2021\/05\/DSCN9157-1024x768.jpg 1024w, https:\/\/cyclesetrecycle.fr\/wp-content\/uploads\/2021\/05\/DSCN9157-300x225.jpg 300w, https:\/\/cyclesetrecycle.fr\/wp-content\/uploads\/2021\/05\/DSCN9157-768x576.jpg 768w, https:\/\/cyclesetrecycle.fr\/wp-content\/uploads\/2021\/05\/DSCN9157-1536x1152.jpg 1536w, https:\/\/cyclesetrecycle.fr\/wp-content\/uploads\/2021\/05\/DSCN9157-2048x1536.jpg 2048w\" sizes=\"auto, (max-width: 767px) 89vw, (max-width: 1000px) 54vw, (max-width: 1071px) 543px, 580px\" \/><\/figure>\n\n\n\n<figure class=\"wp-block-image size-large\"><img loading=\"lazy\" decoding=\"async\" width=\"1024\" height=\"768\" src=\"https:\/\/cyclesetrecycle.fr\/wp-content\/uploads\/2021\/05\/DSCN9194-1024x768.jpg\" alt=\"\" class=\"wp-image-688\" srcset=\"https:\/\/cyclesetrecycle.fr\/wp-content\/uploads\/2021\/05\/DSCN9194-1024x768.jpg 1024w, https:\/\/cyclesetrecycle.fr\/wp-content\/uploads\/2021\/05\/DSCN9194-300x225.jpg 300w, https:\/\/cyclesetrecycle.fr\/wp-content\/uploads\/2021\/05\/DSCN9194-768x576.jpg 768w, https:\/\/cyclesetrecycle.fr\/wp-content\/uploads\/2021\/05\/DSCN9194-1536x1152.jpg 1536w, https:\/\/cyclesetrecycle.fr\/wp-content\/uploads\/2021\/05\/DSCN9194-2048x1536.jpg 2048w\" sizes=\"auto, (max-width: 767px) 89vw, (max-width: 1000px) 54vw, (max-width: 1071px) 543px, 580px\" \/><\/figure>\n\n\n\n<figure class=\"wp-block-image size-large\"><img loading=\"lazy\" decoding=\"async\" width=\"768\" height=\"1024\" src=\"https:\/\/cyclesetrecycle.fr\/wp-content\/uploads\/2021\/05\/IMG_2021-05-15-13-54-59-717-768x1024.jpg\" alt=\"\" class=\"wp-image-689\" srcset=\"https:\/\/cyclesetrecycle.fr\/wp-content\/uploads\/2021\/05\/IMG_2021-05-15-13-54-59-717-768x1024.jpg 768w, https:\/\/cyclesetrecycle.fr\/wp-content\/uploads\/2021\/05\/IMG_2021-05-15-13-54-59-717-225x300.jpg 225w, https:\/\/cyclesetrecycle.fr\/wp-content\/uploads\/2021\/05\/IMG_2021-05-15-13-54-59-717-1152x1536.jpg 1152w, https:\/\/cyclesetrecycle.fr\/wp-content\/uploads\/2021\/05\/IMG_2021-05-15-13-54-59-717-1536x2048.jpg 1536w, https:\/\/cyclesetrecycle.fr\/wp-content\/uploads\/2021\/05\/IMG_2021-05-15-13-54-59-717-scaled.jpg 1920w\" sizes=\"auto, (max-width: 767px) 89vw, (max-width: 1000px) 54vw, (max-width: 1071px) 543px, 580px\" \/><\/figure>\n\n\n\n<figure class=\"wp-block-image size-large\"><img loading=\"lazy\" decoding=\"async\" width=\"1024\" height=\"768\" src=\"https:\/\/cyclesetrecycle.fr\/wp-content\/uploads\/2021\/05\/P1090694-minou-Elise-1024x768.jpg\" alt=\"\" class=\"wp-image-690\" srcset=\"https:\/\/cyclesetrecycle.fr\/wp-content\/uploads\/2021\/05\/P1090694-minou-Elise-1024x768.jpg 1024w, https:\/\/cyclesetrecycle.fr\/wp-content\/uploads\/2021\/05\/P1090694-minou-Elise-300x225.jpg 300w, https:\/\/cyclesetrecycle.fr\/wp-content\/uploads\/2021\/05\/P1090694-minou-Elise-768x576.jpg 768w, https:\/\/cyclesetrecycle.fr\/wp-content\/uploads\/2021\/05\/P1090694-minou-Elise-1536x1152.jpg 1536w, https:\/\/cyclesetrecycle.fr\/wp-content\/uploads\/2021\/05\/P1090694-minou-Elise-2048x1536.jpg 2048w\" sizes=\"auto, (max-width: 767px) 89vw, (max-width: 1000px) 54vw, (max-width: 1071px) 543px, 580px\" \/><\/figure>\n\n\n\n<figure class=\"wp-block-image size-large\"><img loading=\"lazy\" decoding=\"async\" width=\"1024\" height=\"768\" src=\"https:\/\/cyclesetrecycle.fr\/wp-content\/uploads\/2021\/05\/IMG_2021-05-15-11-28-38-409-1024x768.jpg\" alt=\"\" class=\"wp-image-691\" srcset=\"https:\/\/cyclesetrecycle.fr\/wp-content\/uploads\/2021\/05\/IMG_2021-05-15-11-28-38-409-1024x768.jpg 1024w, https:\/\/cyclesetrecycle.fr\/wp-content\/uploads\/2021\/05\/IMG_2021-05-15-11-28-38-409-300x225.jpg 300w, https:\/\/cyclesetrecycle.fr\/wp-content\/uploads\/2021\/05\/IMG_2021-05-15-11-28-38-409-768x576.jpg 768w, https:\/\/cyclesetrecycle.fr\/wp-content\/uploads\/2021\/05\/IMG_2021-05-15-11-28-38-409-1536x1152.jpg 1536w, https:\/\/cyclesetrecycle.fr\/wp-content\/uploads\/2021\/05\/IMG_2021-05-15-11-28-38-409-2048x1536.jpg 2048w\" sizes=\"auto, (max-width: 767px) 89vw, (max-width: 1000px) 54vw, (max-width: 1071px) 543px, 580px\" \/><\/figure>\n\n\n\n<figure class=\"wp-block-image size-large\"><img loading=\"lazy\" decoding=\"async\" width=\"1024\" height=\"768\" src=\"https:\/\/cyclesetrecycle.fr\/wp-content\/uploads\/2021\/05\/DSCN9174-1024x768.jpg\" alt=\"\" class=\"wp-image-692\" srcset=\"https:\/\/cyclesetrecycle.fr\/wp-content\/uploads\/2021\/05\/DSCN9174-1024x768.jpg 1024w, https:\/\/cyclesetrecycle.fr\/wp-content\/uploads\/2021\/05\/DSCN9174-300x225.jpg 300w, https:\/\/cyclesetrecycle.fr\/wp-content\/uploads\/2021\/05\/DSCN9174-768x576.jpg 768w, https:\/\/cyclesetrecycle.fr\/wp-content\/uploads\/2021\/05\/DSCN9174-1536x1152.jpg 1536w, https:\/\/cyclesetrecycle.fr\/wp-content\/uploads\/2021\/05\/DSCN9174-2048x1536.jpg 2048w\" sizes=\"auto, (max-width: 767px) 89vw, (max-width: 1000px) 54vw, (max-width: 1071px) 543px, 580px\" \/><\/figure>\n","protected":false},"excerpt":{"rendered":"<p>C&rsquo;\u00e9tait un Mai \u00e0 v\u00e9lo \u00e0 Cycles &amp; Recycle magnifique, une vingtaine de b\u00e9n\u00e9voles, une cinquantaine de v\u00e9los en exposition, une vingtaine d&rsquo;enfants qui participaient \u00e0 la v\u00e9lo-\u00e9cole, le tout sous une m\u00e9t\u00e9o vivifiante, le sourire des enfants en prime!<\/p>\n","protected":false},"author":54169,"featured_media":0,"comment_status":"open","ping_status":"open","sticky":false,"template":"","format":"standard","meta":{"footnotes":""},"categories":[1],"tags":[],"class_list":["post-686","post","type-post","status-publish","format-standard","hentry","category-non-classe"],"_links":{"self":[{"href":"https:\/\/cyclesetrecycle.fr\/index.php?rest_route=\/wp\/v2\/posts\/686","targetHints":{"allow":["GET"]}}],"collection":[{"href":"https:\/\/cyclesetrecycle.fr\/index.php?rest_route=\/wp\/v2\/posts"}],"about":[{"href":"https:\/\/cyclesetrecycle.fr\/index.php?rest_route=\/wp\/v2\/types\/post"}],"author":[{"embeddable":true,"href":"https:\/\/cyclesetrecycle.fr\/index.php?rest_route=\/wp\/v2\/users\/54169"}],"replies":[{"embeddable":true,"href":"https:\/\/cyclesetrecycle.fr\/index.php?rest_route=%2Fwp%2Fv2%2Fcomments&post=686"}],"version-history":[{"count":2,"href":"https:\/\/cyclesetrecycle.fr\/index.php?rest_route=\/wp\/v2\/posts\/686\/revisions"}],"predecessor-version":[{"id":694,"href":"https:\/\/cyclesetrecycle.fr\/index.php?rest_route=\/wp\/v2\/posts\/686\/revisions\/694"}],"wp:attachment":[{"href":"https:\/\/cyclesetrecycle.fr\/index.php?rest_route=%2Fwp%2Fv2%2Fmedia&parent=686"}],"wp:term":[{"taxonomy":"category","embeddable":true,"href":"https:\/\/cyclesetrecycle.fr\/index.php?rest_route=%2Fwp%2Fv2%2Fcategories&post=686"},{"taxonomy":"post_tag","embeddable":true,"href":"https:\/\/cyclesetrecycle.fr\/index.php?rest_route=%2Fwp%2Fv2%2Ftags&post=686"}],"curies":[{"name":"wp","href":"https:\/\/api.w.org\/{rel}","templated":true}]}}