{"id":664,"date":"2021-02-24T13:36:18","date_gmt":"2021-02-24T12:36:18","guid":{"rendered":"http:\/\/cyclesetrecycle.fr\/?p=664"},"modified":"2021-02-24T13:36:18","modified_gmt":"2021-02-24T12:36:18","slug":"une-bonne-idee-de-la-nouvelle-economie-du-velo-outre-rhin","status":"publish","type":"post","link":"https:\/\/cyclesetrecycle.fr\/?p=664","title":{"rendered":"Une bonne id\u00e9e de la nouvelle \u00e9conomie du v\u00e9lo outre-Rhin"},"content":{"rendered":"\n<figure class=\"wp-block-embed-youtube wp-block-embed is-type-video is-provider-youtube wp-embed-aspect-16-9 wp-has-aspect-ratio\"><div class=\"wp-block-embed__wrapper\">\nhttps:\/\/youtu.be\/TIKhFmXbqLc\n<\/div><\/figure>\n","protected":false},"excerpt":{"rendered":"","protected":false},"author":54169,"featured_media":0,"comment_status":"open","ping_status":"open","sticky":false,"template":"","format":"standard","meta":{"footnotes":""},"categories":[1],"tags":[],"class_list":["post-664","post","type-post","status-publish","format-standard","hentry","category-non-classe"],"_links":{"self":[{"href":"https:\/\/cyclesetrecycle.fr\/index.php?rest_route=\/wp\/v2\/posts\/664","targetHints":{"allow":["GET"]}}],"collection":[{"href":"https:\/\/cyclesetrecycle.fr\/index.php?rest_route=\/wp\/v2\/posts"}],"about":[{"href":"https:\/\/cyclesetrecycle.fr\/index.php?rest_route=\/wp\/v2\/types\/post"}],"author":[{"embeddable":true,"href":"https:\/\/cyclesetrecycle.fr\/index.php?rest_route=\/wp\/v2\/users\/54169"}],"replies":[{"embeddable":true,"href":"https:\/\/cyclesetrecycle.fr\/index.php?rest_route=%2Fwp%2Fv2%2Fcomments&post=664"}],"version-history":[{"count":1,"href":"https:\/\/cyclesetrecycle.fr\/index.php?rest_route=\/wp\/v2\/posts\/664\/revisions"}],"predecessor-version":[{"id":665,"href":"https:\/\/cyclesetrecycle.fr\/index.php?rest_route=\/wp\/v2\/posts\/664\/revisions\/665"}],"wp:attachment":[{"href":"https:\/\/cyclesetrecycle.fr\/index.php?rest_route=%2Fwp%2Fv2%2Fmedia&parent=664"}],"wp:term":[{"taxonomy":"category","embeddable":true,"href":"https:\/\/cyclesetrecycle.fr\/index.php?rest_route=%2Fwp%2Fv2%2Fcategories&post=664"},{"taxonomy":"post_tag","embeddable":true,"href":"https:\/\/cyclesetrecycle.fr\/index.php?rest_route=%2Fwp%2Fv2%2Ftags&post=664"}],"curies":[{"name":"wp","href":"https:\/\/api.w.org\/{rel}","templated":true}]}}